{"id":92,"date":"2013-11-24T17:27:04","date_gmt":"2013-11-24T15:27:04","guid":{"rendered":"http:\/\/norddeutscher-vertriebskongress.de\/wp-ndvk\/?p=92"},"modified":"2013-11-26T15:09:22","modified_gmt":"2013-11-26T13:09:22","slug":"christian-koenig","status":"publish","type":"post","link":"http:\/\/norddeutscher-vertriebskongress.de\/wp-ndvk\/christian-koenig\/","title":{"rendered":"Christian K\u00f6nig"},"content":{"rendered":"<h6><span style=\"color: #e2001a;\">Leiter IT und CRM > BTC Europe GmbH (BASF Gruppe) > D\u00fcsseldorf<\/span><\/h6>\n<p>Christian K\u00f6nig MBA, Dipl.-Kfm., ist seit 2011 Gesamtleiter IT und CRM bei der BTC Europe (100%ige BASF-Tochter) in D\u00fcsseldorf. Davor war er Projektleiter CRM im Globalen Business Management der BASF Coatings AG. Drei Jahre in einer Top-Unternehmensberatung sowie F\u00fchrungspositionen bei Mercedes Benz, Deutsche Post\/DHL und im Mittelstand runden sein Profil ab.<\/p>\n","protected":false},"excerpt":{"rendered":"<p>Leiter IT und CRM > BTC Europe GmbH (BASF Gruppe) > D\u00fcsseldorf Christian K\u00f6nig MBA, Dipl.-Kfm., ist seit 2011 Gesamtleiter IT und CRM bei der BTC Europe (100%ige BASF-Tochter) in D\u00fcsseldorf. Davor war er Projektleiter CRM im Globalen Business Management der BASF Coatings AG. Drei Jahre in einer Top-Unternehmensberatung sowie F\u00fchrungspositionen bei Mercedes Benz, Deutsche [&hellip;]<\/p>\n","protected":false},"author":1,"featured_media":179,"comment_status":"closed","ping_status":"closed","sticky":false,"template":"","format":"standard","meta":[],"categories":[5],"tags":[],"_links":{"self":[{"href":"http:\/\/norddeutscher-vertriebskongress.de\/wp-ndvk\/wp-json\/wp\/v2\/posts\/92"}],"collection":[{"href":"http:\/\/norddeutscher-vertriebskongress.de\/wp-ndvk\/wp-json\/wp\/v2\/posts"}],"about":[{"href":"http:\/\/norddeutscher-vertriebskongress.de\/wp-ndvk\/wp-json\/wp\/v2\/types\/post"}],"author":[{"embeddable":true,"href":"http:\/\/norddeutscher-vertriebskongress.de\/wp-ndvk\/wp-json\/wp\/v2\/users\/1"}],"replies":[{"embeddable":true,"href":"http:\/\/norddeutscher-vertriebskongress.de\/wp-ndvk\/wp-json\/wp\/v2\/comments?post=92"}],"version-history":[{"count":1,"href":"http:\/\/norddeutscher-vertriebskongress.de\/wp-ndvk\/wp-json\/wp\/v2\/posts\/92\/revisions"}],"predecessor-version":[{"id":93,"href":"http:\/\/norddeutscher-vertriebskongress.de\/wp-ndvk\/wp-json\/wp\/v2\/posts\/92\/revisions\/93"}],"wp:featuredmedia":[{"embeddable":true,"href":"http:\/\/norddeutscher-vertriebskongress.de\/wp-ndvk\/wp-json\/wp\/v2\/media\/179"}],"wp:attachment":[{"href":"http:\/\/norddeutscher-vertriebskongress.de\/wp-ndvk\/wp-json\/wp\/v2\/media?parent=92"}],"wp:term":[{"taxonomy":"category","embeddable":true,"href":"http:\/\/norddeutscher-vertriebskongress.de\/wp-ndvk\/wp-json\/wp\/v2\/categories?post=92"},{"taxonomy":"post_tag","embeddable":true,"href":"http:\/\/norddeutscher-vertriebskongress.de\/wp-ndvk\/wp-json\/wp\/v2\/tags?post=92"}],"curies":[{"name":"wp","href":"https:\/\/api.w.org\/{rel}","templated":true}]}}