{"id":88,"date":"2013-11-24T17:25:08","date_gmt":"2013-11-24T15:25:08","guid":{"rendered":"http:\/\/norddeutscher-vertriebskongress.de\/wp-ndvk\/?p=88"},"modified":"2013-11-26T16:34:57","modified_gmt":"2013-11-26T14:34:57","slug":"juergen-niehus","status":"publish","type":"post","link":"http:\/\/norddeutscher-vertriebskongress.de\/wp-ndvk\/juergen-niehus\/","title":{"rendered":"J\u00fcrgen Niehus"},"content":{"rendered":"<h6><span style=\"color: #e2001a;\">Head of Product Pricing > Fujitsu Technology Solutions GmbH > M\u00fcnchen<\/span><\/h6>\n<p>J\u00fcrgen Niehus ist seit 2011 bei Fujitsu verantwortlich f\u00fcr die Entwicklung und Einf\u00fchrung von Pricing-Konzepten sowie f\u00fcr den Aufbau der Pricing-Organisation. Nach einer Stammhauslehre bei Siemens bekleidete er sp\u00e4ter verschiedene kaufm\u00e4nnische F\u00fchrungspositionen im Siemens Konzern und bei Fujitsu Siemens, darunter Kfm. Leiter und Director Finance.<\/p>\n","protected":false},"excerpt":{"rendered":"<p>Head of Product Pricing > Fujitsu Technology Solutions GmbH > M\u00fcnchen J\u00fcrgen Niehus ist seit 2011 bei Fujitsu verantwortlich f\u00fcr die Entwicklung und Einf\u00fchrung von Pricing-Konzepten sowie f\u00fcr den Aufbau der Pricing-Organisation. Nach einer Stammhauslehre bei Siemens bekleidete er sp\u00e4ter verschiedene kaufm\u00e4nnische F\u00fchrungspositionen im Siemens Konzern und bei Fujitsu Siemens, darunter Kfm. Leiter und Director [&hellip;]<\/p>\n","protected":false},"author":1,"featured_media":178,"comment_status":"closed","ping_status":"closed","sticky":false,"template":"","format":"standard","meta":[],"categories":[5],"tags":[],"_links":{"self":[{"href":"http:\/\/norddeutscher-vertriebskongress.de\/wp-ndvk\/wp-json\/wp\/v2\/posts\/88"}],"collection":[{"href":"http:\/\/norddeutscher-vertriebskongress.de\/wp-ndvk\/wp-json\/wp\/v2\/posts"}],"about":[{"href":"http:\/\/norddeutscher-vertriebskongress.de\/wp-ndvk\/wp-json\/wp\/v2\/types\/post"}],"author":[{"embeddable":true,"href":"http:\/\/norddeutscher-vertriebskongress.de\/wp-ndvk\/wp-json\/wp\/v2\/users\/1"}],"replies":[{"embeddable":true,"href":"http:\/\/norddeutscher-vertriebskongress.de\/wp-ndvk\/wp-json\/wp\/v2\/comments?post=88"}],"version-history":[{"count":3,"href":"http:\/\/norddeutscher-vertriebskongress.de\/wp-ndvk\/wp-json\/wp\/v2\/posts\/88\/revisions"}],"predecessor-version":[{"id":239,"href":"http:\/\/norddeutscher-vertriebskongress.de\/wp-ndvk\/wp-json\/wp\/v2\/posts\/88\/revisions\/239"}],"wp:featuredmedia":[{"embeddable":true,"href":"http:\/\/norddeutscher-vertriebskongress.de\/wp-ndvk\/wp-json\/wp\/v2\/media\/178"}],"wp:attachment":[{"href":"http:\/\/norddeutscher-vertriebskongress.de\/wp-ndvk\/wp-json\/wp\/v2\/media?parent=88"}],"wp:term":[{"taxonomy":"category","embeddable":true,"href":"http:\/\/norddeutscher-vertriebskongress.de\/wp-ndvk\/wp-json\/wp\/v2\/categories?post=88"},{"taxonomy":"post_tag","embeddable":true,"href":"http:\/\/norddeutscher-vertriebskongress.de\/wp-ndvk\/wp-json\/wp\/v2\/tags?post=88"}],"curies":[{"name":"wp","href":"https:\/\/api.w.org\/{rel}","templated":true}]}}