{"id":86,"date":"2013-11-24T17:23:11","date_gmt":"2013-11-24T15:23:11","guid":{"rendered":"http:\/\/norddeutscher-vertriebskongress.de\/wp-ndvk\/?p=86"},"modified":"2013-11-26T15:10:25","modified_gmt":"2013-11-26T13:10:25","slug":"rene-rink","status":"publish","type":"post","link":"http:\/\/norddeutscher-vertriebskongress.de\/wp-ndvk\/rene-rink\/","title":{"rendered":"Ren\u00e9 Rink"},"content":{"rendered":"<h6><span style=\"color: #e2001a;\">Leiter Business Channel Marketing und Multichannelmanagement > Telefonica Germany GmbH &#038; Co. OHG > M\u00fcnchen<\/span><\/h6>\n<p>Ren\u00e9 Rink bekleidete in seiner Laufbahn zun\u00e4chst unterschiedliche Positionen im Marketing (CRM, Produktmanagement) und im Direktvertrieb an Gesch\u00e4ftskunden. Seit 2010 leitet er das Gesch\u00e4ftskundenmarketing bei Telefonica. Dort optimierte er das Management des Verkaufstrichters und der Neukundengewinnung durch Einf\u00fchrung von Marketing-Automation.<\/p>\n","protected":false},"excerpt":{"rendered":"<p>Leiter Business Channel Marketing und Multichannelmanagement > Telefonica Germany GmbH &#038; Co. OHG > M\u00fcnchen Ren\u00e9 Rink bekleidete in seiner Laufbahn zun\u00e4chst unterschiedliche Positionen im Marketing (CRM, Produktmanagement) und im Direktvertrieb an Gesch\u00e4ftskunden. Seit 2010 leitet er das Gesch\u00e4ftskundenmarketing bei Telefonica. Dort optimierte er das Management des Verkaufstrichters und der Neukundengewinnung durch Einf\u00fchrung von Marketing-Automation.<\/p>\n","protected":false},"author":1,"featured_media":182,"comment_status":"open","ping_status":"closed","sticky":false,"template":"","format":"standard","meta":[],"categories":[5],"tags":[],"_links":{"self":[{"href":"http:\/\/norddeutscher-vertriebskongress.de\/wp-ndvk\/wp-json\/wp\/v2\/posts\/86"}],"collection":[{"href":"http:\/\/norddeutscher-vertriebskongress.de\/wp-ndvk\/wp-json\/wp\/v2\/posts"}],"about":[{"href":"http:\/\/norddeutscher-vertriebskongress.de\/wp-ndvk\/wp-json\/wp\/v2\/types\/post"}],"author":[{"embeddable":true,"href":"http:\/\/norddeutscher-vertriebskongress.de\/wp-ndvk\/wp-json\/wp\/v2\/users\/1"}],"replies":[{"embeddable":true,"href":"http:\/\/norddeutscher-vertriebskongress.de\/wp-ndvk\/wp-json\/wp\/v2\/comments?post=86"}],"version-history":[{"count":4,"href":"http:\/\/norddeutscher-vertriebskongress.de\/wp-ndvk\/wp-json\/wp\/v2\/posts\/86\/revisions"}],"predecessor-version":[{"id":103,"href":"http:\/\/norddeutscher-vertriebskongress.de\/wp-ndvk\/wp-json\/wp\/v2\/posts\/86\/revisions\/103"}],"wp:featuredmedia":[{"embeddable":true,"href":"http:\/\/norddeutscher-vertriebskongress.de\/wp-ndvk\/wp-json\/wp\/v2\/media\/182"}],"wp:attachment":[{"href":"http:\/\/norddeutscher-vertriebskongress.de\/wp-ndvk\/wp-json\/wp\/v2\/media?parent=86"}],"wp:term":[{"taxonomy":"category","embeddable":true,"href":"http:\/\/norddeutscher-vertriebskongress.de\/wp-ndvk\/wp-json\/wp\/v2\/categories?post=86"},{"taxonomy":"post_tag","embeddable":true,"href":"http:\/\/norddeutscher-vertriebskongress.de\/wp-ndvk\/wp-json\/wp\/v2\/tags?post=86"}],"curies":[{"name":"wp","href":"https:\/\/api.w.org\/{rel}","templated":true}]}}