{"id":78,"date":"2013-11-24T17:26:21","date_gmt":"2013-11-24T15:26:21","guid":{"rendered":"http:\/\/norddeutscher-vertriebskongress.de\/wp-ndvk\/?p=78"},"modified":"2016-12-04T13:43:00","modified_gmt":"2016-12-04T12:43:00","slug":"prof-dr-juergen-luerssen","status":"publish","type":"post","link":"http:\/\/norddeutscher-vertriebskongress.de\/wp-ndvk\/prof-dr-juergen-luerssen\/","title":{"rendered":"Prof. Dr. J\u00fcrgen L\u00fcrssen"},"content":{"rendered":"<h6><span style=\"color: #cf142b;\">Institut f\u00fcr Marketing \u00b7 Leuphana Universit\u00e4t L\u00fcneburg<\/span><\/h6>\n<p>Nach BWL-Studium und Promotion war Prof. Dr. J\u00fcrgen L\u00fcrssen 17 Jahre lang erfolgreich im Marketing- und Vertriebsmanagement zweier gro\u00dfer Unternehmen der Chemie- und der Elektroindustrie t\u00e4tig \u2013 zuletzt als Alleingesch\u00e4ftsf\u00fchrer einer europ\u00e4ischen Vertriebsgesellschaft. Seit 1999 ist er Professor f\u00fcr Marketing und Vertrieb in L\u00fcneburg \u2013 zuerst an der FH, seit 2005 an der Leuphana Universit\u00e4t.<\/p>\n","protected":false},"excerpt":{"rendered":"<p>Institut f\u00fcr Marketing \u00b7 Leuphana Universit\u00e4t L\u00fcneburg Nach BWL-Studium und Promotion war Prof. Dr. J\u00fcrgen L\u00fcrssen 17 Jahre lang erfolgreich im Marketing- und Vertriebsmanagement zweier gro\u00dfer Unternehmen der Chemie- und der Elektroindustrie t\u00e4tig \u2013 zuletzt als Alleingesch\u00e4ftsf\u00fchrer einer europ\u00e4ischen Vertriebsgesellschaft. Seit 1999 ist er Professor f\u00fcr Marketing und Vertrieb in L\u00fcneburg \u2013 zuerst an der [&hellip;]<\/p>\n","protected":false},"author":1,"featured_media":146,"comment_status":"closed","ping_status":"closed","sticky":false,"template":"","format":"standard","meta":[],"categories":[5,16],"tags":[],"_links":{"self":[{"href":"http:\/\/norddeutscher-vertriebskongress.de\/wp-ndvk\/wp-json\/wp\/v2\/posts\/78"}],"collection":[{"href":"http:\/\/norddeutscher-vertriebskongress.de\/wp-ndvk\/wp-json\/wp\/v2\/posts"}],"about":[{"href":"http:\/\/norddeutscher-vertriebskongress.de\/wp-ndvk\/wp-json\/wp\/v2\/types\/post"}],"author":[{"embeddable":true,"href":"http:\/\/norddeutscher-vertriebskongress.de\/wp-ndvk\/wp-json\/wp\/v2\/users\/1"}],"replies":[{"embeddable":true,"href":"http:\/\/norddeutscher-vertriebskongress.de\/wp-ndvk\/wp-json\/wp\/v2\/comments?post=78"}],"version-history":[{"count":2,"href":"http:\/\/norddeutscher-vertriebskongress.de\/wp-ndvk\/wp-json\/wp\/v2\/posts\/78\/revisions"}],"predecessor-version":[{"id":4043,"href":"http:\/\/norddeutscher-vertriebskongress.de\/wp-ndvk\/wp-json\/wp\/v2\/posts\/78\/revisions\/4043"}],"wp:featuredmedia":[{"embeddable":true,"href":"http:\/\/norddeutscher-vertriebskongress.de\/wp-ndvk\/wp-json\/wp\/v2\/media\/146"}],"wp:attachment":[{"href":"http:\/\/norddeutscher-vertriebskongress.de\/wp-ndvk\/wp-json\/wp\/v2\/media?parent=78"}],"wp:term":[{"taxonomy":"category","embeddable":true,"href":"http:\/\/norddeutscher-vertriebskongress.de\/wp-ndvk\/wp-json\/wp\/v2\/categories?post=78"},{"taxonomy":"post_tag","embeddable":true,"href":"http:\/\/norddeutscher-vertriebskongress.de\/wp-ndvk\/wp-json\/wp\/v2\/tags?post=78"}],"curies":[{"name":"wp","href":"https:\/\/api.w.org\/{rel}","templated":true}]}}