{"id":4098,"date":"2016-12-09T08:24:14","date_gmt":"2016-12-09T07:24:14","guid":{"rendered":"http:\/\/norddeutscher-vertriebskongress.de\/wp-ndvk\/?p=4098"},"modified":"2016-12-12T11:28:45","modified_gmt":"2016-12-12T10:28:45","slug":"mueller-christoph-hilti","status":"publish","type":"post","link":"http:\/\/norddeutscher-vertriebskongress.de\/wp-ndvk\/mueller-christoph-hilti\/","title":{"rendered":"Christoph M\u00fcller"},"content":{"rendered":"<h6><span style=\"color: #cf142b;\">Gebietsleiter Nord-West und Prokurist \u00b7 Hilti Deutschland AG \u00b7 Kaufering<\/span><\/h6>\n<p>Nach seinem Studium des Wirtschaftsingenieurwesens an der Universit\u00e4t Karlsruhe (TH) begann Christoph M\u00fcller 2001 seine Karriere bei Hilti im Bereich Controlling Werke Deutschland. Es folgte ein Einsatz im Controlling Headquarter\/Plants der Hilti Zentrale in Schaan (Liechtenstein). 2006 kehrte er zu Hilti Deutschland zur\u00fcck und wurde zun\u00e4chst Senior Finance Business Partner, sp\u00e4ter Verkaufsleiter Elektro. Seine jetzige Position bekleidet er seit 2011<\/p>\n","protected":false},"excerpt":{"rendered":"<p>Gebietsleiter Nord-West und Prokurist \u00b7 Hilti Deutschland AG \u00b7 Kaufering Nach seinem Studium des Wirtschaftsingenieurwesens an der Universit\u00e4t Karlsruhe (TH) begann Christoph M\u00fcller 2001 seine Karriere bei Hilti im Bereich Controlling Werke Deutschland. Es folgte ein Einsatz im Controlling Headquarter\/Plants der Hilti Zentrale in Schaan (Liechtenstein). 2006 kehrte er zu Hilti Deutschland zur\u00fcck und wurde [&hellip;]<\/p>\n","protected":false},"author":1,"featured_media":0,"comment_status":"closed","ping_status":"closed","sticky":false,"template":"","format":"standard","meta":[],"categories":[5,16],"tags":[],"_links":{"self":[{"href":"http:\/\/norddeutscher-vertriebskongress.de\/wp-ndvk\/wp-json\/wp\/v2\/posts\/4098"}],"collection":[{"href":"http:\/\/norddeutscher-vertriebskongress.de\/wp-ndvk\/wp-json\/wp\/v2\/posts"}],"about":[{"href":"http:\/\/norddeutscher-vertriebskongress.de\/wp-ndvk\/wp-json\/wp\/v2\/types\/post"}],"author":[{"embeddable":true,"href":"http:\/\/norddeutscher-vertriebskongress.de\/wp-ndvk\/wp-json\/wp\/v2\/users\/1"}],"replies":[{"embeddable":true,"href":"http:\/\/norddeutscher-vertriebskongress.de\/wp-ndvk\/wp-json\/wp\/v2\/comments?post=4098"}],"version-history":[{"count":1,"href":"http:\/\/norddeutscher-vertriebskongress.de\/wp-ndvk\/wp-json\/wp\/v2\/posts\/4098\/revisions"}],"predecessor-version":[{"id":4099,"href":"http:\/\/norddeutscher-vertriebskongress.de\/wp-ndvk\/wp-json\/wp\/v2\/posts\/4098\/revisions\/4099"}],"wp:attachment":[{"href":"http:\/\/norddeutscher-vertriebskongress.de\/wp-ndvk\/wp-json\/wp\/v2\/media?parent=4098"}],"wp:term":[{"taxonomy":"category","embeddable":true,"href":"http:\/\/norddeutscher-vertriebskongress.de\/wp-ndvk\/wp-json\/wp\/v2\/categories?post=4098"},{"taxonomy":"post_tag","embeddable":true,"href":"http:\/\/norddeutscher-vertriebskongress.de\/wp-ndvk\/wp-json\/wp\/v2\/tags?post=4098"}],"curies":[{"name":"wp","href":"https:\/\/api.w.org\/{rel}","templated":true}]}}