{"id":4060,"date":"2016-12-04T13:55:07","date_gmt":"2016-12-04T12:55:07","guid":{"rendered":"http:\/\/norddeutscher-vertriebskongress.de\/wp-ndvk\/?p=4060"},"modified":"2016-12-23T10:45:22","modified_gmt":"2016-12-23T09:45:22","slug":"weber-stefan","status":"publish","type":"post","link":"http:\/\/norddeutscher-vertriebskongress.de\/wp-ndvk\/weber-stefan\/","title":{"rendered":"Stefan Weber"},"content":{"rendered":"<h6><span style=\"color: #cf142b;\">Stefan Weber\u00a0\u00b7\u00a0Inhaber Weber Consulting \u2013 Einkaufsberatung Hamburg und Gesch\u00e4ftsf\u00fchrer WINDSOURCING.COM GmbH\u00a0\u00b7\u00a0Hamburg<\/span><\/h6>\n<p>Stefan Weber ist Spezialist f\u00fcr den technischen Einkauf mit langj\u00e4hriger<br \/>\nPraxiserfahrung. Er startete als Eink\u00e4ufer bei der Vaillant GmbH und war anschlie\u00dfend Einkaufsleiter bei der Conergy AG. Seit 2007 ist er selbst\u00e4ndig und ber\u00e4t Kunden aus verschiedenen Branchen praxisorientiert im technischen Einkauf. Dar\u00fcber hinaus ist er Trainer und gefragter Referent zu den Themen technischer Einkauf, Vertrieb und Verhandlungsf\u00fchrung.<\/p>\n","protected":false},"excerpt":{"rendered":"<p>Stefan Weber\u00a0\u00b7\u00a0Inhaber Weber Consulting \u2013 Einkaufsberatung Hamburg und Gesch\u00e4ftsf\u00fchrer WINDSOURCING.COM GmbH\u00a0\u00b7\u00a0Hamburg Stefan Weber ist Spezialist f\u00fcr den technischen Einkauf mit langj\u00e4hriger Praxiserfahrung. Er startete als Eink\u00e4ufer bei der Vaillant GmbH und war anschlie\u00dfend Einkaufsleiter bei der Conergy AG. Seit 2007 ist er selbst\u00e4ndig und ber\u00e4t Kunden aus verschiedenen Branchen praxisorientiert im technischen Einkauf. Dar\u00fcber hinaus [&hellip;]<\/p>\n","protected":false},"author":1,"featured_media":4076,"comment_status":"closed","ping_status":"closed","sticky":false,"template":"","format":"standard","meta":[],"categories":[5,16],"tags":[],"_links":{"self":[{"href":"http:\/\/norddeutscher-vertriebskongress.de\/wp-ndvk\/wp-json\/wp\/v2\/posts\/4060"}],"collection":[{"href":"http:\/\/norddeutscher-vertriebskongress.de\/wp-ndvk\/wp-json\/wp\/v2\/posts"}],"about":[{"href":"http:\/\/norddeutscher-vertriebskongress.de\/wp-ndvk\/wp-json\/wp\/v2\/types\/post"}],"author":[{"embeddable":true,"href":"http:\/\/norddeutscher-vertriebskongress.de\/wp-ndvk\/wp-json\/wp\/v2\/users\/1"}],"replies":[{"embeddable":true,"href":"http:\/\/norddeutscher-vertriebskongress.de\/wp-ndvk\/wp-json\/wp\/v2\/comments?post=4060"}],"version-history":[{"count":2,"href":"http:\/\/norddeutscher-vertriebskongress.de\/wp-ndvk\/wp-json\/wp\/v2\/posts\/4060\/revisions"}],"predecessor-version":[{"id":4105,"href":"http:\/\/norddeutscher-vertriebskongress.de\/wp-ndvk\/wp-json\/wp\/v2\/posts\/4060\/revisions\/4105"}],"wp:featuredmedia":[{"embeddable":true,"href":"http:\/\/norddeutscher-vertriebskongress.de\/wp-ndvk\/wp-json\/wp\/v2\/media\/4076"}],"wp:attachment":[{"href":"http:\/\/norddeutscher-vertriebskongress.de\/wp-ndvk\/wp-json\/wp\/v2\/media?parent=4060"}],"wp:term":[{"taxonomy":"category","embeddable":true,"href":"http:\/\/norddeutscher-vertriebskongress.de\/wp-ndvk\/wp-json\/wp\/v2\/categories?post=4060"},{"taxonomy":"post_tag","embeddable":true,"href":"http:\/\/norddeutscher-vertriebskongress.de\/wp-ndvk\/wp-json\/wp\/v2\/tags?post=4060"}],"curies":[{"name":"wp","href":"https:\/\/api.w.org\/{rel}","templated":true}]}}