{"id":3827,"date":"2015-02-03T09:26:50","date_gmt":"2015-02-03T08:26:50","guid":{"rendered":"http:\/\/norddeutscher-vertriebskongress.de\/wp-ndvk\/?p=3827"},"modified":"2022-10-24T18:28:44","modified_gmt":"2022-10-24T16:28:44","slug":"potthoff-pierre","status":"publish","type":"post","link":"http:\/\/norddeutscher-vertriebskongress.de\/wp-ndvk\/potthoff-pierre\/","title":{"rendered":"Pierre Potthoff"},"content":{"rendered":"<section  class='av_textblock_section av-8rkz7-aa29b38b96e053b75ed139eaf836a347'  itemscope=\"itemscope\" itemtype=\"https:\/\/schema.org\/BlogPosting\" itemprop=\"blogPost\" ><div class='avia_textblock'  itemprop=\"text\" ><h6><span style=\"color: #e2001a\">Leiter Verk\u00e4ufersteuerung \u00b7 Adolf W\u00fcrth GmbH &amp; Co. KG \u00b7 K\u00fcnzelsau<\/span><\/h6>\n<p>Pierre Potthoff hat Betriebswirtschaftslehre studiert. Danach war er 10 Jahre im strategischen Preismanagement der Firma W\u00fcrth t\u00e4tig, wo er f\u00fcr die Steuerung von Projekten wie der Neuausrichtung und der Einf\u00fchrung von Preissystematiken verantwortlich war. 2014 wurde er Leiter der Verk\u00e4ufersteuerung, die neben den Verg\u00fctungs- und Incentivesystemen auch die Entwicklung von Lebenszyklusmodellen f\u00fcr die Vertriebsmannschaft von \u00fcber 3.000 Mitarbeitern umfasst. <\/p>\n<\/div><\/section>\n","protected":false},"excerpt":{"rendered":"","protected":false},"author":1,"featured_media":3828,"comment_status":"closed","ping_status":"closed","sticky":false,"template":"","format":"standard","meta":[],"categories":[5,12],"tags":[],"_links":{"self":[{"href":"http:\/\/norddeutscher-vertriebskongress.de\/wp-ndvk\/wp-json\/wp\/v2\/posts\/3827"}],"collection":[{"href":"http:\/\/norddeutscher-vertriebskongress.de\/wp-ndvk\/wp-json\/wp\/v2\/posts"}],"about":[{"href":"http:\/\/norddeutscher-vertriebskongress.de\/wp-ndvk\/wp-json\/wp\/v2\/types\/post"}],"author":[{"embeddable":true,"href":"http:\/\/norddeutscher-vertriebskongress.de\/wp-ndvk\/wp-json\/wp\/v2\/users\/1"}],"replies":[{"embeddable":true,"href":"http:\/\/norddeutscher-vertriebskongress.de\/wp-ndvk\/wp-json\/wp\/v2\/comments?post=3827"}],"version-history":[{"count":3,"href":"http:\/\/norddeutscher-vertriebskongress.de\/wp-ndvk\/wp-json\/wp\/v2\/posts\/3827\/revisions"}],"predecessor-version":[{"id":4139,"href":"http:\/\/norddeutscher-vertriebskongress.de\/wp-ndvk\/wp-json\/wp\/v2\/posts\/3827\/revisions\/4139"}],"wp:featuredmedia":[{"embeddable":true,"href":"http:\/\/norddeutscher-vertriebskongress.de\/wp-ndvk\/wp-json\/wp\/v2\/media\/3828"}],"wp:attachment":[{"href":"http:\/\/norddeutscher-vertriebskongress.de\/wp-ndvk\/wp-json\/wp\/v2\/media?parent=3827"}],"wp:term":[{"taxonomy":"category","embeddable":true,"href":"http:\/\/norddeutscher-vertriebskongress.de\/wp-ndvk\/wp-json\/wp\/v2\/categories?post=3827"},{"taxonomy":"post_tag","embeddable":true,"href":"http:\/\/norddeutscher-vertriebskongress.de\/wp-ndvk\/wp-json\/wp\/v2\/tags?post=3827"}],"curies":[{"name":"wp","href":"https:\/\/api.w.org\/{rel}","templated":true}]}}