{"id":3716,"date":"2014-12-08T15:31:22","date_gmt":"2014-12-08T14:31:22","guid":{"rendered":"http:\/\/norddeutscher-vertriebskongress.de\/wp-ndvk\/?p=3716"},"modified":"2014-12-08T16:36:43","modified_gmt":"2014-12-08T15:36:43","slug":"janning-reinhard","status":"publish","type":"post","link":"http:\/\/norddeutscher-vertriebskongress.de\/wp-ndvk\/janning-reinhard\/","title":{"rendered":"Reinhard Janning"},"content":{"rendered":"<section  class='av_textblock_section av-av_textblock-35972167d9f102c5ddaec0c531c98b9e'  itemscope=\"itemscope\" itemtype=\"https:\/\/schema.org\/BlogPosting\" itemprop=\"blogPost\" ><div class='avia_textblock'  itemprop=\"text\" ><h6><span style=\"color: #e2001a;\">Mitglied des Vorstands \u00b7 DemandGen AG \u00b7 M\u00fcnchen<\/span><\/h6>\n<p>Reinhard Janning verf\u00fcgt \u00fcber mehr als 25 Jahre Erfahrung in internationalen Unternehmen der Computer- und Softwareindustrie in Vertriebs- und Marketing-Positionen. Er hat als Mitgr\u00fcnder ma\u00dfgeblich bei der Definition und Umsetzung der Marketing- und Vertriebsprozesse f\u00fcr die Kunden der DemandGen mitgewirkt. Als Vorstand ist er im operativen Gesch\u00e4ft f\u00fcr Marketing, Vertrieb und Business Development verantwortlich.<\/p>\n<\/div><\/section>\n","protected":false},"excerpt":{"rendered":"","protected":false},"author":1,"featured_media":3741,"comment_status":"closed","ping_status":"closed","sticky":false,"template":"","format":"standard","meta":[],"categories":[5,12],"tags":[],"_links":{"self":[{"href":"http:\/\/norddeutscher-vertriebskongress.de\/wp-ndvk\/wp-json\/wp\/v2\/posts\/3716"}],"collection":[{"href":"http:\/\/norddeutscher-vertriebskongress.de\/wp-ndvk\/wp-json\/wp\/v2\/posts"}],"about":[{"href":"http:\/\/norddeutscher-vertriebskongress.de\/wp-ndvk\/wp-json\/wp\/v2\/types\/post"}],"author":[{"embeddable":true,"href":"http:\/\/norddeutscher-vertriebskongress.de\/wp-ndvk\/wp-json\/wp\/v2\/users\/1"}],"replies":[{"embeddable":true,"href":"http:\/\/norddeutscher-vertriebskongress.de\/wp-ndvk\/wp-json\/wp\/v2\/comments?post=3716"}],"version-history":[{"count":1,"href":"http:\/\/norddeutscher-vertriebskongress.de\/wp-ndvk\/wp-json\/wp\/v2\/posts\/3716\/revisions"}],"predecessor-version":[{"id":3717,"href":"http:\/\/norddeutscher-vertriebskongress.de\/wp-ndvk\/wp-json\/wp\/v2\/posts\/3716\/revisions\/3717"}],"wp:featuredmedia":[{"embeddable":true,"href":"http:\/\/norddeutscher-vertriebskongress.de\/wp-ndvk\/wp-json\/wp\/v2\/media\/3741"}],"wp:attachment":[{"href":"http:\/\/norddeutscher-vertriebskongress.de\/wp-ndvk\/wp-json\/wp\/v2\/media?parent=3716"}],"wp:term":[{"taxonomy":"category","embeddable":true,"href":"http:\/\/norddeutscher-vertriebskongress.de\/wp-ndvk\/wp-json\/wp\/v2\/categories?post=3716"},{"taxonomy":"post_tag","embeddable":true,"href":"http:\/\/norddeutscher-vertriebskongress.de\/wp-ndvk\/wp-json\/wp\/v2\/tags?post=3716"}],"curies":[{"name":"wp","href":"https:\/\/api.w.org\/{rel}","templated":true}]}}