{"id":308,"date":"2013-11-24T17:29:25","date_gmt":"2013-11-24T15:29:25","guid":{"rendered":"http:\/\/norddeutscher-vertriebskongress.de\/wp-ndvk\/?p=308"},"modified":"2014-01-08T20:11:33","modified_gmt":"2014-01-08T18:11:33","slug":"armin-kehl","status":"publish","type":"post","link":"http:\/\/norddeutscher-vertriebskongress.de\/wp-ndvk\/armin-kehl\/","title":{"rendered":"Armin Kehl"},"content":{"rendered":"<h6><span style=\"color: #e2001a;\">Key Account Manager im Bereich Business Development > Sybit GmbH<\/span><\/h6>\n<p>In seiner beruflichen Laufbahn durchlief Armin Kehl zun\u00e4chst die unterschiedlichsten Positionen im Bereich Vertrieb und Marketing. Er war vier Jahre lang gesch\u00e4ftsf\u00fchrender Gesellschafter eines Unternehmens im Bereich Hard- &#038; Software-Entwicklung. Seit 2011 ist er als Key Account Manager bei der Sybit GmbH f\u00fcr Mobile CRM verantwortlich.<\/p>\n","protected":false},"excerpt":{"rendered":"<p>Key Account Manager im Bereich Business Development > Sybit GmbH In seiner beruflichen Laufbahn durchlief Armin Kehl zun\u00e4chst die unterschiedlichsten Positionen im Bereich Vertrieb und Marketing. Er war vier Jahre lang gesch\u00e4ftsf\u00fchrender Gesellschafter eines Unternehmens im Bereich Hard- &#038; Software-Entwicklung. Seit 2011 ist er als Key Account Manager bei der Sybit GmbH f\u00fcr Mobile CRM [&hellip;]<\/p>\n","protected":false},"author":1,"featured_media":311,"comment_status":"closed","ping_status":"closed","sticky":false,"template":"","format":"standard","meta":[],"categories":[5],"tags":[],"_links":{"self":[{"href":"http:\/\/norddeutscher-vertriebskongress.de\/wp-ndvk\/wp-json\/wp\/v2\/posts\/308"}],"collection":[{"href":"http:\/\/norddeutscher-vertriebskongress.de\/wp-ndvk\/wp-json\/wp\/v2\/posts"}],"about":[{"href":"http:\/\/norddeutscher-vertriebskongress.de\/wp-ndvk\/wp-json\/wp\/v2\/types\/post"}],"author":[{"embeddable":true,"href":"http:\/\/norddeutscher-vertriebskongress.de\/wp-ndvk\/wp-json\/wp\/v2\/users\/1"}],"replies":[{"embeddable":true,"href":"http:\/\/norddeutscher-vertriebskongress.de\/wp-ndvk\/wp-json\/wp\/v2\/comments?post=308"}],"version-history":[{"count":1,"href":"http:\/\/norddeutscher-vertriebskongress.de\/wp-ndvk\/wp-json\/wp\/v2\/posts\/308\/revisions"}],"predecessor-version":[{"id":310,"href":"http:\/\/norddeutscher-vertriebskongress.de\/wp-ndvk\/wp-json\/wp\/v2\/posts\/308\/revisions\/310"}],"wp:featuredmedia":[{"embeddable":true,"href":"http:\/\/norddeutscher-vertriebskongress.de\/wp-ndvk\/wp-json\/wp\/v2\/media\/311"}],"wp:attachment":[{"href":"http:\/\/norddeutscher-vertriebskongress.de\/wp-ndvk\/wp-json\/wp\/v2\/media?parent=308"}],"wp:term":[{"taxonomy":"category","embeddable":true,"href":"http:\/\/norddeutscher-vertriebskongress.de\/wp-ndvk\/wp-json\/wp\/v2\/categories?post=308"},{"taxonomy":"post_tag","embeddable":true,"href":"http:\/\/norddeutscher-vertriebskongress.de\/wp-ndvk\/wp-json\/wp\/v2\/tags?post=308"}],"curies":[{"name":"wp","href":"https:\/\/api.w.org\/{rel}","templated":true}]}}